{"id":635,"date":"2023-03-07T09:00:00","date_gmt":"2023-03-07T09:00:00","guid":{"rendered":"https:\/\/aeimtc.es\/?p=635"},"modified":"2023-03-05T10:42:49","modified_gmt":"2023-03-05T10:42:49","slug":"encuentros-y-saberes-desde-la-musicoterapia-comunitaria-elaboracion-de-proyecto-con-adultos-mayores-institucionalizados-atencion-emocional-y-empoderamiento-tras-la-pandemia","status":"publish","type":"post","link":"https:\/\/aeimtc.es\/index.php\/2023\/03\/07\/encuentros-y-saberes-desde-la-musicoterapia-comunitaria-elaboracion-de-proyecto-con-adultos-mayores-institucionalizados-atencion-emocional-y-empoderamiento-tras-la-pandemia\/","title":{"rendered":"\u201cEncuentros y saberes\u201d: Desde la musicoterapia comunitaria, elaboraci\u00f3n de proyecto con adultos mayores institucionalizados. Atenci\u00f3n emocional y empoderamiento tras la pandemia."},"content":{"rendered":"\n<p>El pasado 27 de febrero tuvimos el placer de escuchar a nuestra compa\u00f1era<strong><a href=\"https:\/\/musicoterapiavital.es\" data-type=\"URL\" data-id=\"https:\/\/musicoterapiavital.es\" target=\"_blank\" rel=\"noreferrer noopener\"> Isabel Laranjeira<\/a><\/strong>, nos habl\u00f3 de un proyecto de musicoterapia que est\u00e1 llevando a cabo en la Misericodia de Pamplona. Ella lleva trabajando all\u00ed alrededor de 9 a\u00f1os y ha visto c\u00f3mo la pandemia lo ha cambiado todo: las necesidades, los sentires, los entornos, las posibilidades\u2026 \u00a1hab\u00eda que cambiar las f\u00f3rmulas!<\/p>\n\n\n\n<p>Isabel prob\u00f3 diferentes soluciones hasta que se le ocurri\u00f3 <strong>grabar un disco con un grupo de personas mayores <\/strong>que recogiera sus canciones m\u00e1s significativas, como \u201cColor esperanza\u201d, \u201cA qui\u00e9n le importa\u201d, \u201cAndar conmigo\u201d o \u201cGracias a la vida\u201d. El proceso de grabaci\u00f3n fue creando expectativas, motivaciones, desaf\u00edos, ilusiones compartidas, capacidad de superaci\u00f3n, algo que devolv\u00eda a las personas del grupo la <strong>sensaci\u00f3n de fortaleza, de seguridad, de \u201cser capaces\u201d<\/strong>. Todo ello qued\u00f3 materializado en un disco, <strong>cuya venta va destinada a fines ben\u00e9ficos<\/strong>, y posteriormente fue expandi\u00e9ndose a trav\u00e9s de conciertos, llegando incluso a compartir escenario con la reconocida Pamplonesa, experiencia que pod\u00e9is ver en este enlace:<a href=\"https:\/\/fb.watch\/iYv1GrX2E4\/\"> <\/a><a href=\"https:\/\/fb.watch\/iYv1GrX2E4\/\" target=\"_blank\" rel=\"noreferrer noopener\">https:\/\/fb.watch\/iYv1GrX2E4\/<\/a><\/p>\n\n\n\n<p>Esta maravillosa iniciativa surge de una b\u00fasqueda incesante de soluciones, de la importancia de dar voz a nuestros mayores y permitirles reconectar con ellos mismos, encontrar nuevos significados y mirar al futuro. Un proyecto que ha ido poco a poco creciendo y expandi\u00e9ndose, y ha tocado el coraz\u00f3n de muchos y muchas.<\/p>\n\n\n\n<p>Nuestra compa\u00f1era Isabel contin\u00faa caminando, buscando nuevas posibilidades que ofrecer a las personas mayores. A nosotras nos ha emocionado y le deseamos lo mejor en este camino!<\/p>\n\n\n\n<p>Si quer\u00e9is conocer m\u00e1s sobre este proyecto, os recomendamos la lectura de este art\u00edculo:<a href=\"https:\/\/www.65ymas.com\/sociedad\/voces-oro-casa-misericordia-presentan-su-primer-disco_45833_102.html\"> <\/a><a href=\"https:\/\/www.65ymas.com\/sociedad\/voces-oro-casa-misericordia-presentan-su-primer-disco_45833_102.html\" target=\"_blank\" rel=\"noreferrer noopener\">https:\/\/www.65ymas.com\/sociedad\/voces-oro-casa-misericordia-presentan-su-primer-disco_45833_102.html<\/a><\/p>\n","protected":false},"excerpt":{"rendered":"<p>El pasado 27 de febrero tuvimos el placer de escuchar a nuestra compa\u00f1era Isabel Laranjeira, nos habl\u00f3 de un proyecto de musicoterapia que est\u00e1 llevando a cabo en la Misericodia de Pamplona. Ella lleva trabajando all\u00ed alrededor de 9 a\u00f1os y ha visto c\u00f3mo la pandemia lo ha cambiado todo: las necesidades, los sentires, los [&hellip;]<\/p>\n","protected":false},"author":1,"featured_media":637,"comment_status":"open","ping_status":"open","sticky":false,"template":"","format":"standard","meta":{"_et_pb_use_builder":"off","_et_pb_old_content":"","_et_gb_content_width":"1080","footnotes":""},"categories":[39,33,36],"tags":[],"class_list":["post-635","post","type-post","status-publish","format-standard","has-post-thumbnail","hentry","category-encuentros-y-saberes","category-musicoterapia","category-pamplona"],"_links":{"self":[{"href":"https:\/\/aeimtc.es\/index.php\/wp-json\/wp\/v2\/posts\/635","targetHints":{"allow":["GET"]}}],"collection":[{"href":"https:\/\/aeimtc.es\/index.php\/wp-json\/wp\/v2\/posts"}],"about":[{"href":"https:\/\/aeimtc.es\/index.php\/wp-json\/wp\/v2\/types\/post"}],"author":[{"embeddable":true,"href":"https:\/\/aeimtc.es\/index.php\/wp-json\/wp\/v2\/users\/1"}],"replies":[{"embeddable":true,"href":"https:\/\/aeimtc.es\/index.php\/wp-json\/wp\/v2\/comments?post=635"}],"version-history":[{"count":2,"href":"https:\/\/aeimtc.es\/index.php\/wp-json\/wp\/v2\/posts\/635\/revisions"}],"predecessor-version":[{"id":639,"href":"https:\/\/aeimtc.es\/index.php\/wp-json\/wp\/v2\/posts\/635\/revisions\/639"}],"wp:featuredmedia":[{"embeddable":true,"href":"https:\/\/aeimtc.es\/index.php\/wp-json\/wp\/v2\/media\/637"}],"wp:attachment":[{"href":"https:\/\/aeimtc.es\/index.php\/wp-json\/wp\/v2\/media?parent=635"}],"wp:term":[{"taxonomy":"category","embeddable":true,"href":"https:\/\/aeimtc.es\/index.php\/wp-json\/wp\/v2\/categories?post=635"},{"taxonomy":"post_tag","embeddable":true,"href":"https:\/\/aeimtc.es\/index.php\/wp-json\/wp\/v2\/tags?post=635"}],"curies":[{"name":"wp","href":"https:\/\/api.w.org\/{rel}","templated":true}]}}