{"id":137,"date":"2021-10-07T18:43:56","date_gmt":"2021-10-07T18:43:56","guid":{"rendered":"https:\/\/aeimtc.es\/index.php\/2021\/10\/07\/hello-world-copy-copy\/"},"modified":"2021-12-14T20:17:55","modified_gmt":"2021-12-14T20:17:55","slug":"hello-world-copy-copy","status":"publish","type":"post","link":"https:\/\/aeimtc.es\/index.php\/2021\/10\/07\/hello-world-copy-copy\/","title":{"rendered":"SOINUA MUSICOTERAPIA en PAMPLONA"},"content":{"rendered":"\n<p class=\"has-black-color has-text-color has-normal-font-size\">Llegu\u00e9 a la musicoterapia por curiosidad, por continuar creciendo como profesional y persona, buscando tambi\u00e9n nuevos recursos laborales con los que acompa\u00f1ar a los ni\u00f1os y ni\u00f1as con los que trabajaba, por aqu\u00e9l entonces en el \u00e1mbito educativo, pero tambi\u00e9n desde lo emocional y social.<\/p>\n\n\n\n<p class=\"has-black-color has-text-color has-normal-font-size\">La musicoterapia me trajo crecimiento y apertura, me trajo bienestar despu\u00e9s de recorrer la oscuridad (a la que de vez en cuando sigo visitando&#8230;) y me ayud\u00f3 a descubrir mis aptitudes y fortalecer y concretar mi vocaci\u00f3n de ayuda.<\/p>\n\n\n\n<p class=\"has-black-color has-text-color has-normal-font-size\">Y as\u00ed, poco a poco tras mucha formaci\u00f3n y crecimiento personal, fui gestando (a la par que a mis hijos) lo que hoy en d\u00eda es: <strong><a href=\"https:\/\/soinuamusicoterapia.com\/\" target=\"_blank\" rel=\"noreferrer noopener\">Soinua Musicoterapia<\/a><\/strong><\/p>\n\n\n\n<p class=\"has-black-color has-text-color has-normal-font-size\">Soinua musicoterapia mira a la persona y sus procesos desde una visi\u00f3n integral, observ\u00e1ndola como un ser global y por ello en las sesiones hago uso de diferentes m\u00e9todos, t\u00e9cnicas, visiones y miradas como&#8230; la musicoterapia creativa, la musicoterapia neurol\u00f3gica, musicoterapia hospitalaria, la terapia de Imagen Guiada y M\u00fasica, la terapia sist\u00e9mica, humanista y transpersonal, la crianza consciente, el psiquismo creador&#8230;<\/p>\n\n\n\n<p class=\"has-black-color has-text-color has-normal-font-size\">Todo ello con la intenci\u00f3n de ofrecer a cada persona lo que necesita para mejorar su calidad de vida y su estado de salud a nivel f\u00edsico, social, comunicativo, emocional, mental y\/o espiritual.<\/p>\n\n\n\n<p class=\"has-black-color has-text-color has-normal-font-size\">Soy musicoterapeuta y utilizo la m\u00fasica de forma creativa y terap\u00e9utica para acompa\u00f1ar, rehabilitar, estimular, sanar e inspirar.<\/p>\n\n\n\n<p class=\"has-black-color has-text-color has-normal-font-size\">La utilizo en diferentes campos:<\/p>\n\n\n\n<ul class=\"has-black-color has-text-color has-normal-font-size wp-block-list\"><li>Crianza consciente: embarazo consciente, grupos de crianza, m\u00fasica en familia y grupos de autocuidado para madres y padres. El trabajo e intervenci\u00f3n en esta etapa es una apuesta por el bienestar de nuestros ni\u00f1os y ni\u00f1as. Bajo el paraguas de la crianza consciente, fortaleciendo v\u00ednculos emocionales y trabajando en el bienestar y crecimiento de las madres y padres la infancia podr\u00e1 ser mejor acompa\u00f1ada y m\u00e1s respetada. <strong><\/strong><\/li><li>Neurodesarrollo: Acompa\u00f1ando a personitas en situaci\u00f3n de prematuridad, atenci\u00f3n temprana, diversidad funcional&#8230; La Musicoterapia Neurol\u00f3gica (NMT) estimula el desarrollo a nivel f\u00edsico, comunicativo, cognitivo y emocional de personas desde el inicio de la vida.<strong><\/strong><\/li><li>Neurorrehabilitaci\u00f3n: Con personas que han sufrido ICTUS, TCE, tambi\u00e9n atenci\u00f3n hospitalaria (UCI, UCIN, dolor cr\u00f3nico&#8230;) y con personas mayores. La NMT favorece la plasticidad cerebral y tiene gran impacto en la rehabilitaci\u00f3n f\u00edsica, cognitiva, comunicativa de personas que han sufrido un ICTUS o TCE. Adem\u00e1s, la musicoterapia favorece en personas hospitalizadas la regulaci\u00f3n de sus variables fisiol\u00f3gicas, la gesti\u00f3n del dolor y la mejor evoluci\u00f3n sanitaria y respuesta ante procedimientos m\u00e9dicos.<strong><\/strong><\/li><li>Vida Consciente: Personas con adicciones, trastornos de la alimentaci\u00f3n, estr\u00e9s y ansiedad, trauma, duelo\u2026 Autoconocimiento y desarrollo personal. La terapia de Imagen Guiada y M\u00fasica (GIM), moviliza el inconsciente facilitando el contacto e integraci\u00f3n emocional, sanando desde la liberaci\u00f3n del dolor y el sufrimiento guardado en el cuerpo, conectando con la propia fortaleza y el bienestar, mejorando de este modo la calidad de vida de la persona.<strong><\/strong><\/li><li>Formaci\u00f3n a profesionales del \u00e1rea social, educativa y sanitaria, y musicoterapeutas. Ofrezco formaciones pr\u00e1cticas a musicoterapeutas y cursos o charlas informativas a otros profesionales de la salud, para dar a conocer y concienciar sobre las posibilidades que ofrece la musicoterapia como terapia complementaria.<strong><\/strong><\/li><\/ul>\n\n\n\n<p class=\"has-black-color has-text-color has-normal-font-size\">Esto es un trocito de lo que Soinua Musicoterapia es, pero desde luego lo mejor de todo esto lo encontrar\u00e1s en un curso, sesi\u00f3n o taller de los que ofrezco.<\/p>\n\n\n\n<p class=\"has-black-color has-text-color has-normal-font-size\">Te invito a que visites <strong><a href=\"https:\/\/soinuamusicoterapia.com\/\" target=\"_blank\" rel=\"noreferrer noopener\">mi nueva p\u00e1gina web<\/a> <\/strong>donde si te suscribes recibir\u00e1s los regalitos que de vez en cuando comparto y podr\u00e1s inspirarte con las an\u00e9cdotas y reflexiones que env\u00edo por email.<\/p>\n\n\n\n<p class=\"has-black-color has-text-color has-normal-font-size\">Un fuerte abrazo<\/p>\n\n\n\n<p class=\"has-black-color has-text-color has-normal-font-size\">S<strong>andra Azcona \u2013 Soinua Musicoterapia (Pamplona)<\/strong><\/p>\n\n\n\n<figure class=\"wp-block-image size-full\"><img loading=\"lazy\" decoding=\"async\" width=\"810\" height=\"810\" src=\"https:\/\/aeimtc.es\/wp-content\/uploads\/2021\/12\/aeimtc_musicoterapia_FotoBlog03.jpg\" alt=\"\" class=\"wp-image-490\" srcset=\"https:\/\/aeimtc.es\/wp-content\/uploads\/2021\/12\/aeimtc_musicoterapia_FotoBlog03.jpg 810w, https:\/\/aeimtc.es\/wp-content\/uploads\/2021\/12\/aeimtc_musicoterapia_FotoBlog03-480x480.jpg 480w\" sizes=\"(min-width: 0px) and (max-width: 480px) 480px, (min-width: 481px) 810px, 100vw\" \/><\/figure>\n","protected":false},"excerpt":{"rendered":"<p>Llegu\u00e9 a la musicoterapia por curiosidad, por continuar creciendo como profesional y persona, buscando tambi\u00e9n nuevos recursos laborales con los que acompa\u00f1ar a los ni\u00f1os y ni\u00f1as con los que trabajaba, por aqu\u00e9l entonces en el \u00e1mbito educativo, pero tambi\u00e9n desde lo emocional y social. La musicoterapia me trajo crecimiento y apertura, me trajo bienestar [&hellip;]<\/p>\n","protected":false},"author":1,"featured_media":490,"comment_status":"open","ping_status":"open","sticky":false,"template":"","format":"standard","meta":{"_et_pb_use_builder":"","_et_pb_old_content":"","_et_gb_content_width":"1080","footnotes":""},"categories":[33],"tags":[],"class_list":["post-137","post","type-post","status-publish","format-standard","has-post-thumbnail","hentry","category-musicoterapia"],"_links":{"self":[{"href":"https:\/\/aeimtc.es\/index.php\/wp-json\/wp\/v2\/posts\/137","targetHints":{"allow":["GET"]}}],"collection":[{"href":"https:\/\/aeimtc.es\/index.php\/wp-json\/wp\/v2\/posts"}],"about":[{"href":"https:\/\/aeimtc.es\/index.php\/wp-json\/wp\/v2\/types\/post"}],"author":[{"embeddable":true,"href":"https:\/\/aeimtc.es\/index.php\/wp-json\/wp\/v2\/users\/1"}],"replies":[{"embeddable":true,"href":"https:\/\/aeimtc.es\/index.php\/wp-json\/wp\/v2\/comments?post=137"}],"version-history":[{"count":10,"href":"https:\/\/aeimtc.es\/index.php\/wp-json\/wp\/v2\/posts\/137\/revisions"}],"predecessor-version":[{"id":535,"href":"https:\/\/aeimtc.es\/index.php\/wp-json\/wp\/v2\/posts\/137\/revisions\/535"}],"wp:featuredmedia":[{"embeddable":true,"href":"https:\/\/aeimtc.es\/index.php\/wp-json\/wp\/v2\/media\/490"}],"wp:attachment":[{"href":"https:\/\/aeimtc.es\/index.php\/wp-json\/wp\/v2\/media?parent=137"}],"wp:term":[{"taxonomy":"category","embeddable":true,"href":"https:\/\/aeimtc.es\/index.php\/wp-json\/wp\/v2\/categories?post=137"},{"taxonomy":"post_tag","embeddable":true,"href":"https:\/\/aeimtc.es\/index.php\/wp-json\/wp\/v2\/tags?post=137"}],"curies":[{"name":"wp","href":"https:\/\/api.w.org\/{rel}","templated":true}]}}