{"id":1,"date":"2020-12-30T07:51:30","date_gmt":"2020-12-30T07:51:30","guid":{"rendered":"http:\/\/aeimtc.es\/?p=1"},"modified":"2021-12-11T20:24:11","modified_gmt":"2021-12-11T20:24:11","slug":"hello-world","status":"publish","type":"post","link":"https:\/\/aeimtc.es\/index.php\/2020\/12\/30\/hello-world\/","title":{"rendered":"\u00a1\u00a1Bienvenidas a la nueva p\u00e1gina web!!"},"content":{"rendered":"\n<p class=\"has-black-color has-text-color has-normal-font-size\">Maravillosas personas y socias de la AEIMTC, con cu\u00e1nta alegr\u00eda \u00a1\u00a1os damos la bienvenida a la nueva p\u00e1gina web!!<\/p>\n\n\n\n<p class=\"has-black-color has-text-color has-normal-font-size\">Hemos acumulado muchas ganas, en este tiempo en el que hemos estado trabajando sobre ella, de presentaros la nueva web, fabricada con esmero, cari\u00f1o y la mejor intenci\u00f3n para que os llegue, la disfrutemos y nos ayude a desarrollar los objetivos que nos proponemos desde esta asociaci\u00f3n.<\/p>\n\n\n\n<p class=\"has-black-color has-text-color has-normal-font-size\">Gracias tambi\u00e9n a Desir\u00e9e por su creatividad y por su trabajo.<\/p>\n\n\n\n<p class=\"has-black-color has-text-color has-normal-font-size\"><strong>\u00a1Y ya est\u00e1 aqu\u00ed!<\/strong><\/p>\n\n\n\n<p class=\"has-black-color has-text-color has-normal-font-size\">Sin intenci\u00f3n de enrollarnos mucho, en esta primera entrada, simplemente poner en valor que desde la AEIMTC, trabajamos por construir una red entre profesionales y estudiantes de musicoterapia, porque sabemos lo importante que es poder compartir inquietudes, reflexiones, sentires, dudas y alegr\u00edas que nos despierta el estudio y la pr\u00e1ctica de esta linda profesi\u00f3n de la que estamos tan enamoradas y en la que sabemos que nunca dejaremos de aprender y crecer.<\/p>\n\n\n\n<p class=\"has-black-color has-text-color has-normal-font-size\">Tambi\u00e9n pretendemos que esta web nos ayude a estar actualizadas; a poder visibilizar nuestro trabajo y los proyectos que desarrollamos, as\u00ed como estar al corriente de las iniciativas que llevan a cabo otras compa\u00f1eras; compartir documentos y bibliograf\u00eda; tener un espacio, como es este blog, donde poder expresarnos y dar rienda suelta a nuestra creatividad\u2026 y para todo ello, t\u00fa\u2026.(s\u00ed t\u00fa!!!) ser\u00e1s una pieza clave, imprescindible e insustituible y nos encantar\u00eda poder contar en alg\u00fan momento con tus aportaciones, de la manera que m\u00e1s te apetezca y que entre todas, llenemos de vida este espacio. Este blog es tuyo, que lo sepas \ud83d\ude09<\/p>\n\n\n\n<p class=\"has-black-color has-text-color has-normal-font-size\">Tambi\u00e9n seguiremos d\u00e1ndole duro al trabajo de regulaci\u00f3n de la profesi\u00f3n, seguiremos en contacto directo con la FEAMT y como no, desde nuestros grupos de trabajo (Comisi\u00f3n de \u00c9tica y Formaci\u00f3n y Comisi\u00f3n de Comunicaci\u00f3n) continuaremos d\u00e1ndole forma y fondo al estudio y a las nuevas propuestas que queramos lanzar as\u00ed como manteniendo con alegr\u00eda las que hasta ahora han funcionado como los CoffeZoom (de los que pronto escribiremos alguna entrada para informaros de lo bien que han ido!).<\/p>\n\n\n\n<p class=\"has-black-color has-text-color has-normal-font-size\">Date un paseo por los distintos apartados, recovecos y f\u00edjate bien en las im\u00e1genes, todas ellas seleccionadas con intenci\u00f3n y dedicaci\u00f3n. Esperamos que os guste mucho, que la us\u00e9is m\u00e1s y que si hab\u00e9is llegado a parar aqu\u00ed, sois musicoterapeutas o est\u00e1is en ello, y a\u00fan no os hab\u00e9is asociado\u2026.viv\u00e1is donde viv\u00e1is, vay\u00e1is corriendo al formulario de inscripci\u00f3n y entr\u00e9is a formar parte de este grupo de personas, quiz\u00e1 un tanto desperdigadas por la geograf\u00eda, pero con muchas ganas y un gran deseo de sentirnos unidas.<\/p>\n\n\n\n<p class=\"has-black-color has-text-color has-normal-font-size\">A seguir bien&nbsp; y&#8230;cuando no sepas muy bien qu\u00e9 hacer, <strong>haz m\u00fasica!!!!!!!<\/strong><\/p>\n\n\n\n<p class=\"has-black-color has-text-color has-normal-font-size\"><strong>Un gran abrazo desde la Junta.<\/strong><\/p>\n","protected":false},"excerpt":{"rendered":"<p>Maravillosas personas y socias de la AEIMTC, con cu\u00e1nta alegr\u00eda \u00a1\u00a1os damos la bienvenida a la nueva p\u00e1gina web!! Hemos acumulado muchas ganas, en este tiempo en el que hemos estado trabajando sobre ella, de presentaros la nueva web, fabricada con esmero, cari\u00f1o y la mejor intenci\u00f3n para que os llegue, la disfrutemos y nos [&hellip;]<\/p>\n","protected":false},"author":1,"featured_media":488,"comment_status":"open","ping_status":"open","sticky":false,"template":"","format":"standard","meta":{"_et_pb_use_builder":"","_et_pb_old_content":"","_et_gb_content_width":"1080","footnotes":""},"categories":[33],"tags":[],"class_list":["post-1","post","type-post","status-publish","format-standard","has-post-thumbnail","hentry","category-musicoterapia"],"_links":{"self":[{"href":"https:\/\/aeimtc.es\/index.php\/wp-json\/wp\/v2\/posts\/1","targetHints":{"allow":["GET"]}}],"collection":[{"href":"https:\/\/aeimtc.es\/index.php\/wp-json\/wp\/v2\/posts"}],"about":[{"href":"https:\/\/aeimtc.es\/index.php\/wp-json\/wp\/v2\/types\/post"}],"author":[{"embeddable":true,"href":"https:\/\/aeimtc.es\/index.php\/wp-json\/wp\/v2\/users\/1"}],"replies":[{"embeddable":true,"href":"https:\/\/aeimtc.es\/index.php\/wp-json\/wp\/v2\/comments?post=1"}],"version-history":[{"count":6,"href":"https:\/\/aeimtc.es\/index.php\/wp-json\/wp\/v2\/posts\/1\/revisions"}],"predecessor-version":[{"id":504,"href":"https:\/\/aeimtc.es\/index.php\/wp-json\/wp\/v2\/posts\/1\/revisions\/504"}],"wp:featuredmedia":[{"embeddable":true,"href":"https:\/\/aeimtc.es\/index.php\/wp-json\/wp\/v2\/media\/488"}],"wp:attachment":[{"href":"https:\/\/aeimtc.es\/index.php\/wp-json\/wp\/v2\/media?parent=1"}],"wp:term":[{"taxonomy":"category","embeddable":true,"href":"https:\/\/aeimtc.es\/index.php\/wp-json\/wp\/v2\/categories?post=1"},{"taxonomy":"post_tag","embeddable":true,"href":"https:\/\/aeimtc.es\/index.php\/wp-json\/wp\/v2\/tags?post=1"}],"curies":[{"name":"wp","href":"https:\/\/api.w.org\/{rel}","templated":true}]}}